{"id":2017,"date":"2020-10-09T18:57:17","date_gmt":"2020-10-09T16:57:17","guid":{"rendered":"https:\/\/www.revelateur-de-talents.fr\/?p=2017"},"modified":"2020-10-09T22:27:18","modified_gmt":"2020-10-09T20:27:18","slug":"10-octobre-10-10-journee-nationale-des-dys-coup-de-chapeau-aux-parents-freres-soeurs-grands-parents","status":"publish","type":"post","link":"https:\/\/www.revelateur-de-talents.fr\/index.php\/2020\/10\/09\/10-octobre-10-10-journee-nationale-des-dys-coup-de-chapeau-aux-parents-freres-soeurs-grands-parents\/","title":{"rendered":"10 OCTOBRE (10\/10) : JOURNEE NATIONALE DES DYS <br><h3>COUP DE CHAPEAU AUX PARENTS, FRERES, S\u0152URS, GRANDS-PARENTS\u2026<\/h3>"},"content":{"rendered":"<p>[et_pb_section fb_built=\u00a0\u00bb1&Prime; _builder_version=\u00a0\u00bb3.22&Prime; custom_padding=\u00a0\u00bb0px|||||\u00a0\u00bb da_is_popup=\u00a0\u00bboff\u00a0\u00bb da_exit_intent=\u00a0\u00bboff\u00a0\u00bb da_has_close=\u00a0\u00bbon\u00a0\u00bb da_alt_close=\u00a0\u00bboff\u00a0\u00bb da_dark_close=\u00a0\u00bboff\u00a0\u00bb da_not_modal=\u00a0\u00bbon\u00a0\u00bb da_is_singular=\u00a0\u00bboff\u00a0\u00bb da_with_loader=\u00a0\u00bboff\u00a0\u00bb da_has_shadow=\u00a0\u00bbon\u00a0\u00bb da_disable_devices=\u00a0\u00bboff|off|off\u00a0\u00bb][et_pb_row _builder_version=\u00a0\u00bb3.25&Prime; background_size=\u00a0\u00bbinitial\u00a0\u00bb background_position=\u00a0\u00bbtop_left\u00a0\u00bb background_repeat=\u00a0\u00bbrepeat\u00a0\u00bb][et_pb_column type=\u00a0\u00bb4_4&Prime; _builder_version=\u00a0\u00bb3.25&Prime; custom_padding=\u00a0\u00bb|||\u00a0\u00bb custom_padding__hover=\u00a0\u00bb|||\u00a0\u00bb][et_pb_text _builder_version=\u00a0\u00bb3.27.4&Prime; background_size=\u00a0\u00bbinitial\u00a0\u00bb background_position=\u00a0\u00bbtop_left\u00a0\u00bb background_repeat=\u00a0\u00bbrepeat\u00a0\u00bb]<!-- divi:paragraph --><\/p>\n<p>Mais cela peut \u00eatre aussi source de\u00a0:<\/p>\n<p><!-- \/divi:paragraph --><!-- divi:list --><\/p>\n<ul>\n<li>Tensions avec le reste de la fratrie qui se plaint d\u2019\u00eatre d\u00e9laiss\u00e9e, de devoir s\u2019adapter aux seules activit\u00e9s r\u00e9alisables par tous, dont l\u2019attention des parents est focalis\u00e9e sur celui qui en a le plus besoin alors qu\u2019eux aussi requi\u00e8rent soutien, encouragement, disponibilit\u00e9.<\/li>\n<li>Fatigue pour les parents car les enfants dys demandent de la patience, du temps, de l\u2019imagination, de la cr\u00e9ativit\u00e9, de l\u2019abn\u00e9gation parfois.<\/li>\n<\/ul>\n<p><!-- \/divi:list --><!-- divi:paragraph --><\/p>\n<p>Alors, en ce 10 octobre, journ\u00e9e nationale des Dys, je voulais donner un coup de chapeau \u00e0 ces familles qui accompagnent leurs enfants, cherchent des solutions, des outils, des professionnels pour venir en aide \u00e0 leur prog\u00e9niture, qui leur consacrent du temps pour les amener d\u2019un rendez-vous \u00e0 un autre, pour les aider dans leurs le\u00e7ons, leur organisation, leurs activit\u00e9s extra-scolaires, qui s\u2019engagent en distribuant des missions diff\u00e9rentes \u00e0 chacun\u00a0: du papa \u00e0 la maman, au fr\u00e8re, \u00e0 la s\u0153ur, au grand-p\u00e8re, \u00e0 la grand-m\u00e8re, \u00e0 la tante. Toute une orchestration pour que l\u2019enfant dys soit int\u00e9gr\u00e9 le mieux possible \u00e0 son environnement, connect\u00e9 \u00e0 ses apprentissages et parvienne progressivement \u00e0 une certaine autonomie.<\/p>\n<p><!-- \/divi:paragraph --><!-- divi:paragraph --><\/p>\n<p>F\u00e9licitations car vous \u00eates souvent invisibles (comme certains handicaps\u00a0!) et pourtant si indispensables.<\/p>\n<p>&nbsp;<\/p>\n<p><!-- \/divi:paragraph --><!-- divi:paragraph --><!-- \/divi:paragraph --><!-- divi:image {\"id\":2007,\"width\":667,\"height\":445,\"sizeSlug\":\"large\"} --><\/p>\n<figure class=\"wp-block-image size-large is-resized\"><img loading=\"lazy\" decoding=\"async\" src=\"https:\/\/www.revelateur-de-talents.fr\/wp-content\/uploads\/2020\/10\/DYS-1-BIS-1024x683.jpg\" alt=\"\" class=\"wp-image-2007\" width=\"667\" height=\"445\" \/><\/figure>\n<p><!-- \/divi:image -->[\/et_pb_text][\/et_pb_column][\/et_pb_row][\/et_pb_section]<\/p>\n<span class=\"et_bloom_bottom_trigger\"><\/span>","protected":false},"excerpt":{"rendered":"<p>Ce sont parfois les oubli\u00e9s et pourtant\u2026<br \/>\nUne famille qui a un ou plusieurs enfants dys voit sa vie chamboul\u00e9e. Pas uniquement dans le sens n\u00e9gatif du terme car ces enfants qui n\u00e9cessitent du temps, de l\u2019attention, des adaptations apportent aussi tellement de joie gr\u00e2ce \u00e0 leur humour, leur fa\u00e7on parfois d\u00e9cal\u00e9e de percevoir les choses ou de les faire. Ils sont une v\u00e9ritable richesse.<\/p>\n","protected":false},"author":2,"featured_media":2006,"comment_status":"closed","ping_status":"closed","sticky":false,"template":"","format":"standard","meta":{"_et_pb_use_builder":"on","_et_pb_old_content":"<!-- wp:paragraph -->\n<p>Mais cela peut \u00eatre aussi source de&nbsp;:<\/p>\n<!-- \/wp:paragraph -->\n\n<!-- wp:list -->\n<ul><li>Tensions avec le reste de la fratrie qui se plaint d\u2019\u00eatre d\u00e9laiss\u00e9e, de devoir s\u2019adapter aux seules activit\u00e9s r\u00e9alisables par tous, dont l\u2019attention des parents est focalis\u00e9e sur celui qui en a le plus besoin alors qu\u2019eux aussi requi\u00e8rent soutien, encouragement, disponibilit\u00e9.<\/li><li>Fatigue pour les parents car les enfants dys demandent de la patience, du temps, de l\u2019imagination, de la cr\u00e9ativit\u00e9, de l\u2019abn\u00e9gation parfois.<\/li><\/ul>\n<!-- \/wp:list -->\n\n<!-- wp:paragraph -->\n<p>Alors, en ce 10 octobre, journ\u00e9e nationale des Dys, je voulais donner un coup de chapeau \u00e0 ces familles qui accompagnent leurs enfants, cherchent des solutions, des outils, des professionnels pour venir en aide \u00e0 leur prog\u00e9niture, qui leur consacrent du temps pour les amener d\u2019un rendez-vous \u00e0 un autre, pour les aider dans leurs le\u00e7ons, leur organisation, leurs activit\u00e9s extra-scolaires, qui s\u2019engagent en distribuant des missions diff\u00e9rentes \u00e0 chacun&nbsp;: du papa \u00e0 la maman, au fr\u00e8re, \u00e0 la s\u0153ur, au grand-p\u00e8re, \u00e0 la grand-m\u00e8re, \u00e0 la tante. Toute une orchestration pour que l\u2019enfant dys soit int\u00e9gr\u00e9 le mieux possible \u00e0 son environnement, connect\u00e9 \u00e0 ses apprentissages et parvienne progressivement \u00e0 une certaine autonomie. <\/p>\n<!-- \/wp:paragraph -->\n\n<!-- wp:paragraph -->\n<p>F\u00e9licitations car vous \u00eates souvent invisibles (comme certains handicaps&nbsp;!) et pourtant si indispensables.<\/p>\n<!-- \/wp:paragraph -->\n\n<!-- wp:paragraph -->\n<p><\/p>\n<!-- \/wp:paragraph -->\n\n<!-- wp:image {\"id\":2007,\"width\":667,\"height\":445,\"sizeSlug\":\"large\"} -->\n<figure class=\"wp-block-image size-large is-resized\"><img src=\"https:\/\/www.revelateur-de-talents.fr\/wp-content\/uploads\/2020\/10\/DYS-1-BIS-1024x683.jpg\" alt=\"\" class=\"wp-image-2007\" width=\"667\" height=\"445\"\/><\/figure>\n<!-- \/wp:image -->","_et_gb_content_width":"1080","footnotes":""},"categories":[30,31],"tags":[32,33,23,22,24,21,35,34],"class_list":["post-2017","post","type-post","status-publish","format-standard","has-post-thumbnail","hentry","category-ppp","category-reflexes-archaiques","tag-dyscalculie","tag-dysgraphie","tag-dyslexie","tag-dysorthographie","tag-dysphasie","tag-dyspraxie","tag-journee-nationale-dys","tag-reflexes-archaiques"],"_links":{"self":[{"href":"https:\/\/www.revelateur-de-talents.fr\/index.php\/wp-json\/wp\/v2\/posts\/2017","targetHints":{"allow":["GET"]}}],"collection":[{"href":"https:\/\/www.revelateur-de-talents.fr\/index.php\/wp-json\/wp\/v2\/posts"}],"about":[{"href":"https:\/\/www.revelateur-de-talents.fr\/index.php\/wp-json\/wp\/v2\/types\/post"}],"author":[{"embeddable":true,"href":"https:\/\/www.revelateur-de-talents.fr\/index.php\/wp-json\/wp\/v2\/users\/2"}],"replies":[{"embeddable":true,"href":"https:\/\/www.revelateur-de-talents.fr\/index.php\/wp-json\/wp\/v2\/comments?post=2017"}],"version-history":[{"count":21,"href":"https:\/\/www.revelateur-de-talents.fr\/index.php\/wp-json\/wp\/v2\/posts\/2017\/revisions"}],"predecessor-version":[{"id":2061,"href":"https:\/\/www.revelateur-de-talents.fr\/index.php\/wp-json\/wp\/v2\/posts\/2017\/revisions\/2061"}],"wp:featuredmedia":[{"embeddable":true,"href":"https:\/\/www.revelateur-de-talents.fr\/index.php\/wp-json\/wp\/v2\/media\/2006"}],"wp:attachment":[{"href":"https:\/\/www.revelateur-de-talents.fr\/index.php\/wp-json\/wp\/v2\/media?parent=2017"}],"wp:term":[{"taxonomy":"category","embeddable":true,"href":"https:\/\/www.revelateur-de-talents.fr\/index.php\/wp-json\/wp\/v2\/categories?post=2017"},{"taxonomy":"post_tag","embeddable":true,"href":"https:\/\/www.revelateur-de-talents.fr\/index.php\/wp-json\/wp\/v2\/tags?post=2017"}],"curies":[{"name":"wp","href":"https:\/\/api.w.org\/{rel}","templated":true}]}}