{"id":2243,"date":"2022-04-19T22:44:35","date_gmt":"2022-04-19T20:44:35","guid":{"rendered":"https:\/\/www.revelateur-de-talents.fr\/?p=2243"},"modified":"2026-03-24T18:13:05","modified_gmt":"2026-03-24T17:13:05","slug":"le-cabinet-sagrandit","status":"publish","type":"post","link":"https:\/\/www.revelateur-de-talents.fr\/index.php\/2022\/04\/19\/le-cabinet-sagrandit\/","title":{"rendered":"Le cabinet s&rsquo;agrandit !"},"content":{"rendered":"<p>[et_pb_section fb_built=\u00a0\u00bb1&Prime; admin_label=\u00a0\u00bbsection\u00a0\u00bb _builder_version=\u00a0\u00bb3.22&Prime; da_disable_devices=\u00a0\u00bboff|off|off\u00a0\u00bb da_is_popup=\u00a0\u00bboff\u00a0\u00bb da_exit_intent=\u00a0\u00bboff\u00a0\u00bb da_has_close=\u00a0\u00bbon\u00a0\u00bb da_alt_close=\u00a0\u00bboff\u00a0\u00bb da_dark_close=\u00a0\u00bboff\u00a0\u00bb da_not_modal=\u00a0\u00bbon\u00a0\u00bb da_is_singular=\u00a0\u00bboff\u00a0\u00bb da_with_loader=\u00a0\u00bboff\u00a0\u00bb da_has_shadow=\u00a0\u00bbon\u00a0\u00bb][et_pb_row admin_label=\u00a0\u00bbrow\u00a0\u00bb _builder_version=\u00a0\u00bb3.25&Prime; background_size=\u00a0\u00bbinitial\u00a0\u00bb background_position=\u00a0\u00bbtop_left\u00a0\u00bb background_repeat=\u00a0\u00bbrepeat\u00a0\u00bb][et_pb_column type=\u00a0\u00bb4_4&Prime; _builder_version=\u00a0\u00bb3.25&Prime; custom_padding=\u00a0\u00bb|||\u00a0\u00bb custom_padding__hover=\u00a0\u00bb|||\u00a0\u00bb][et_pb_text admin_label=\u00a0\u00bbText\u00a0\u00bb _builder_version=\u00a0\u00bb4.9.4&Prime; background_size=\u00a0\u00bbinitial\u00a0\u00bb background_position=\u00a0\u00bbtop_left\u00a0\u00bb background_repeat=\u00a0\u00bbrepeat\u00a0\u00bb hover_enabled=\u00a0\u00bb0&Prime; sticky_enabled=\u00a0\u00bb0&Prime;]<\/p>\n<p>&nbsp;<\/p>\n<p>Une nouvelle pi\u00e8ce est maintenant exclusivement d\u00e9di\u00e9e \u00e0 l\u2019activit\u00e9 \u00ab\u00a0r\u00e9flexes archa\u00efques\u00a0\u00bb au sein du Cabinet R\u00e9v\u00e9lateur de Talents.<\/p>\n<p>Spacieuse, color\u00e9e et dot\u00e9e de mat\u00e9riels adapt\u00e9s, elle permet de recevoir enfants, adolescents et adultes dans un cadre agr\u00e9able et propice au travail de l\u2019int\u00e9gration des r\u00e9flexes archa\u00efques.<\/p>\n<p><strong>Les r\u00e9flexes archa\u00efques, c\u2019est quoi\u00a0? <\/strong><\/p>\n<p>Les r\u00e9flexes archa\u00efques sont des r\u00e9actions involontaires (ou des mouvements automatiques involontaires) d\u00e9clench\u00e9s par des stimuli. Normalement, ils s&rsquo;int\u00e8grent naturellement durant la 1\u00e8re ann\u00e9e de vie du b\u00e9b\u00e9 (jusqu&rsquo;\u00e0 un maximum de 3 ans) pour laisser place aux r\u00e9flexes posturaux (on parle alors de mouvements volontaires).<\/p>\n<p><strong>A quoi servent les r\u00e9fl<\/strong><strong>exes archa\u00efques ? <\/strong><\/p>\n<p>Ils sont \u00e0 la base du d\u00e9veloppement de l&rsquo;\u00eatre humain. Ils sont essentiels \u00e0 la survie du b\u00e9b\u00e9 qui en utilisera certains lors de sa naissance par exemple ou pour s&rsquo;alimenter. Ils seront \u00e9galement utiles pour son d\u00e9veloppement moteur.<\/p>\n<p>C&rsquo;est en les r\u00e9p\u00e9tant maintes et maintes fois que le b\u00e9b\u00e9 va renforcer son tonus musculaire, qu&rsquo;il va r\u00e9ussir \u00e0 se d\u00e9placer, \u00e0 coordonner ses mouvements et \u00e0 cr\u00e9er des connexions neuronales.<\/p>\n<p>Lorsque les r\u00e9flexes sont bien int\u00e9gr\u00e9s, l&rsquo;enfant peut d\u00e9velopper de fa\u00e7on optimale ses potentiels et ne pas perdre d&rsquo;\u00e9nergie \u00e0 compenser. Les r\u00e9sultats sont alors visibles tant sur le plan des apprentissages scolaires, comportementaux que moteurs.<\/p>\n<p><strong>Les r\u00e9flexes archa\u00efques, \u00e7a n\u2019est pas que pour les enfants\u00a0! <\/strong><\/p>\n<div class=\"wp-block-image\">\n<figure class=\"alignleft size-large is-resized\"><img loading=\"lazy\" decoding=\"async\" src=\"https:\/\/www.revelateur-de-talents.fr\/wp-content\/uploads\/2022\/04\/salle_reflexes_2-scaled.jpg\" alt=\"R\u00e9flexes archaiques\" class=\"wp-image-1986\" width=\"315\" height=\"236\" \/><\/figure>\n<\/div>\n<p>Les adultes peuvent \u00e9galement \u00eatre amen\u00e9s \u00e0 travailler l\u2019int\u00e9gration des r\u00e9flexes archa\u00efques. Peut-\u00eatre qu\u2019inconsciemment, depuis toujours, ils ont mis en place des strat\u00e9gies ou des compensations pour s\u2019en sortir dans certaines situations\u00a0? Peut-\u00eatre m\u00eame que malgr\u00e9 leurs efforts, ils se retrouvent constamment en situation d\u2019\u00e9chec. Sur le plan cognitif (manque d\u2019attention, d\u2019organisation, etc.), sur le plan \u00e9motionnel (timidit\u00e9 excessive, stress permanent, difficult\u00e9s \u00e0 s\u2019affirmer, \u00e0 accepter les changements) ou sur le plan sensori-moteur (mal des transports, hypersensibilit\u00e9 sensorielle, etc.). Il est aussi possible qu\u2019un choc \u00e9motionnel ou physique ait pu faire ressurgir les r\u00e9flexes archa\u00efques.<\/p>\n<p>Le travail sera alors le m\u00eame qu\u2019avec les enfants. Il est fond\u00e9 sur la pratique de mouvements tr\u00e8s pr\u00e9cis, passifs, actifs ou sur des pressions isom\u00e9triques douces.<\/p>\n<p>Pour plus d\u2019informations, <a href=\"https:\/\/www.revelateur-de-talents.fr\/index.php\/reflexes\/\" title=\"Reflexes archaiques\">rendez-vous sur la page de mon site internet d\u00e9di\u00e9e aux r\u00e9flexes archa\u00efques<\/a>, dans la rubrique \u00ab\u00a0Accompagnements\u00a0\u00bb.<\/p>\n<p>&nbsp;<\/p>\n<p>[\/et_pb_text][\/et_pb_column][\/et_pb_row][\/et_pb_section]<\/p>\n<span class=\"et_bloom_bottom_trigger\"><\/span>","protected":false},"excerpt":{"rendered":"<p>&nbsp; Une nouvelle pi\u00e8ce est maintenant exclusivement d\u00e9di\u00e9e \u00e0 l\u2019activit\u00e9 \u00ab\u00a0r\u00e9flexes archa\u00efques\u00a0\u00bb au sein du Cabinet R\u00e9v\u00e9lateur de Talents. Spacieuse, color\u00e9e et dot\u00e9e de mat\u00e9riels adapt\u00e9s, elle permet de recevoir enfants, adolescents et adultes dans un cadre agr\u00e9able et propice au travail de l\u2019int\u00e9gration des r\u00e9flexes archa\u00efques. Les r\u00e9flexes archa\u00efques, c\u2019est quoi\u00a0? Les r\u00e9flexes archa\u00efques [&hellip;]<\/p>\n","protected":false},"author":2,"featured_media":2248,"comment_status":"closed","ping_status":"closed","sticky":false,"template":"","format":"standard","meta":{"_et_pb_use_builder":"on","_et_pb_old_content":"","_et_gb_content_width":"","footnotes":""},"categories":[9],"tags":[],"class_list":["post-2243","post","type-post","status-publish","format-standard","has-post-thumbnail","hentry","category-news"],"_links":{"self":[{"href":"https:\/\/www.revelateur-de-talents.fr\/index.php\/wp-json\/wp\/v2\/posts\/2243","targetHints":{"allow":["GET"]}}],"collection":[{"href":"https:\/\/www.revelateur-de-talents.fr\/index.php\/wp-json\/wp\/v2\/posts"}],"about":[{"href":"https:\/\/www.revelateur-de-talents.fr\/index.php\/wp-json\/wp\/v2\/types\/post"}],"author":[{"embeddable":true,"href":"https:\/\/www.revelateur-de-talents.fr\/index.php\/wp-json\/wp\/v2\/users\/2"}],"replies":[{"embeddable":true,"href":"https:\/\/www.revelateur-de-talents.fr\/index.php\/wp-json\/wp\/v2\/comments?post=2243"}],"version-history":[{"count":7,"href":"https:\/\/www.revelateur-de-talents.fr\/index.php\/wp-json\/wp\/v2\/posts\/2243\/revisions"}],"predecessor-version":[{"id":2261,"href":"https:\/\/www.revelateur-de-talents.fr\/index.php\/wp-json\/wp\/v2\/posts\/2243\/revisions\/2261"}],"wp:featuredmedia":[{"embeddable":true,"href":"https:\/\/www.revelateur-de-talents.fr\/index.php\/wp-json\/wp\/v2\/media\/2248"}],"wp:attachment":[{"href":"https:\/\/www.revelateur-de-talents.fr\/index.php\/wp-json\/wp\/v2\/media?parent=2243"}],"wp:term":[{"taxonomy":"category","embeddable":true,"href":"https:\/\/www.revelateur-de-talents.fr\/index.php\/wp-json\/wp\/v2\/categories?post=2243"},{"taxonomy":"post_tag","embeddable":true,"href":"https:\/\/www.revelateur-de-talents.fr\/index.php\/wp-json\/wp\/v2\/tags?post=2243"}],"curies":[{"name":"wp","href":"https:\/\/api.w.org\/{rel}","templated":true}]}}