{"id":2262,"date":"2022-04-20T18:18:39","date_gmt":"2022-04-20T16:18:39","guid":{"rendered":"https:\/\/www.revelateur-de-talents.fr\/?p=2262"},"modified":"2026-03-24T18:13:11","modified_gmt":"2026-03-24T17:13:11","slug":"certification-qualiopi","status":"publish","type":"post","link":"https:\/\/www.revelateur-de-talents.fr\/index.php\/2022\/04\/20\/certification-qualiopi\/","title":{"rendered":"CERTIFICATION QUALIOPI"},"content":{"rendered":"<p>[et_pb_section fb_built=\u00a0\u00bb1&Prime; admin_label=\u00a0\u00bbsection\u00a0\u00bb _builder_version=\u00a0\u00bb3.22&Prime; da_disable_devices=\u00a0\u00bboff|off|off\u00a0\u00bb da_is_popup=\u00a0\u00bboff\u00a0\u00bb da_exit_intent=\u00a0\u00bboff\u00a0\u00bb da_has_close=\u00a0\u00bbon\u00a0\u00bb da_alt_close=\u00a0\u00bboff\u00a0\u00bb da_dark_close=\u00a0\u00bboff\u00a0\u00bb da_not_modal=\u00a0\u00bbon\u00a0\u00bb da_is_singular=\u00a0\u00bboff\u00a0\u00bb da_with_loader=\u00a0\u00bboff\u00a0\u00bb da_has_shadow=\u00a0\u00bbon\u00a0\u00bb][et_pb_row admin_label=\u00a0\u00bbrow\u00a0\u00bb _builder_version=\u00a0\u00bb3.25&Prime; background_size=\u00a0\u00bbinitial\u00a0\u00bb background_position=\u00a0\u00bbtop_left\u00a0\u00bb background_repeat=\u00a0\u00bbrepeat\u00a0\u00bb][et_pb_column type=\u00a0\u00bb4_4&Prime; _builder_version=\u00a0\u00bb3.25&Prime; custom_padding=\u00a0\u00bb|||\u00a0\u00bb custom_padding__hover=\u00a0\u00bb|||\u00a0\u00bb][et_pb_text admin_label=\u00a0\u00bbText\u00a0\u00bb _builder_version=\u00a0\u00bb4.9.4&Prime; background_size=\u00a0\u00bbinitial\u00a0\u00bb background_position=\u00a0\u00bbtop_left\u00a0\u00bb background_repeat=\u00a0\u00bbrepeat\u00a0\u00bb]<\/p>\n<p>Je suis tr\u00e8s heureuse de vous annoncer que mon Cabinet R\u00e9v\u00e9lateur de Talents a obtenu la certification Qualiopi au titre de son activit\u00e9 de <strong>Bilans de comp\u00e9tences<\/strong>.<\/p>\n<p>Cette certification vous assure\u00a0:<\/p>\n<ul>\n<li>des possibilit\u00e9s de financement de votre Bilan de comp\u00e9tences \u00e9largies\u00a0: CPF, P\u00f4le emploi, op\u00e9rateurs de comp\u00e9tences, entreprise<\/li>\n<li>Un management par la qualit\u00e9\u00a0: des services optimis\u00e9s, des clients rassur\u00e9s<\/li>\n<li>Des proc\u00e9dures claires\u00a0: traitement de la demande, suivi administratif, d\u00e9ontologie<\/li>\n<li>Un accueil adapt\u00e9\u00a0: sur le plan de la p\u00e9dagogie, du handicap, des outils utilis\u00e9s<\/li>\n<li>Une dynamique d\u2019am\u00e9lioration continue dans la dur\u00e9e\u00a0: formations, supervisions, veilles<\/li>\n<\/ul>\n<p>&nbsp;<\/p>\n<p>Si vous vous posez des questions au sujet de votre devenir professionnel, si vous avez envie de bouger mais vous ne savez pas comment vous y prendre ni par o\u00f9 commencer, si vous avez la curiosit\u00e9 d\u2019entreprendre un voyage au c\u0153ur de votre histoire, de vos comp\u00e9tences, de vos exp\u00e9riences alors contactez-moi, je vous pr\u00e9senterai mon accompagnement, ma m\u00e9thode et vous d\u00e9ciderez ensuite si vous souhaitez cheminer avec moi.<\/p>\n<p>Contact\u00a0: Sophie Sadeler \u2013 06 40 52 98 08 <a href=\"mailto:-revelateurdetalents@outlook.fr\">-revelateurdetalents@outlook.fr<\/a> Possibilit\u00e9 de vous accompagner directement \u00e0 mon Cabinet du Mans ou par Skype o\u00f9 que vous soyez\u2026<\/p>\n<p>&nbsp;<\/p>\n<p>&nbsp;<\/p>\n<p>[\/et_pb_text][\/et_pb_column][\/et_pb_row][\/et_pb_section]<\/p>\n<span class=\"et_bloom_bottom_trigger\"><\/span>","protected":false},"excerpt":{"rendered":"<p>Je suis tr\u00e8s heureuse de vous annoncer que mon Cabinet R\u00e9v\u00e9lateur de Talents a obtenu la certification Qualiopi au titre de son activit\u00e9 de Bilans de comp\u00e9tences.<\/p>\n","protected":false},"author":2,"featured_media":2267,"comment_status":"closed","ping_status":"closed","sticky":false,"template":"","format":"standard","meta":{"_et_pb_use_builder":"on","_et_pb_old_content":"","_et_gb_content_width":"","footnotes":""},"categories":[10,9],"tags":[],"class_list":["post-2262","post","type-post","status-publish","format-standard","has-post-thumbnail","hentry","category-bilan-de-competences","category-news"],"_links":{"self":[{"href":"https:\/\/www.revelateur-de-talents.fr\/index.php\/wp-json\/wp\/v2\/posts\/2262","targetHints":{"allow":["GET"]}}],"collection":[{"href":"https:\/\/www.revelateur-de-talents.fr\/index.php\/wp-json\/wp\/v2\/posts"}],"about":[{"href":"https:\/\/www.revelateur-de-talents.fr\/index.php\/wp-json\/wp\/v2\/types\/post"}],"author":[{"embeddable":true,"href":"https:\/\/www.revelateur-de-talents.fr\/index.php\/wp-json\/wp\/v2\/users\/2"}],"replies":[{"embeddable":true,"href":"https:\/\/www.revelateur-de-talents.fr\/index.php\/wp-json\/wp\/v2\/comments?post=2262"}],"version-history":[{"count":5,"href":"https:\/\/www.revelateur-de-talents.fr\/index.php\/wp-json\/wp\/v2\/posts\/2262\/revisions"}],"predecessor-version":[{"id":2271,"href":"https:\/\/www.revelateur-de-talents.fr\/index.php\/wp-json\/wp\/v2\/posts\/2262\/revisions\/2271"}],"wp:featuredmedia":[{"embeddable":true,"href":"https:\/\/www.revelateur-de-talents.fr\/index.php\/wp-json\/wp\/v2\/media\/2267"}],"wp:attachment":[{"href":"https:\/\/www.revelateur-de-talents.fr\/index.php\/wp-json\/wp\/v2\/media?parent=2262"}],"wp:term":[{"taxonomy":"category","embeddable":true,"href":"https:\/\/www.revelateur-de-talents.fr\/index.php\/wp-json\/wp\/v2\/categories?post=2262"},{"taxonomy":"post_tag","embeddable":true,"href":"https:\/\/www.revelateur-de-talents.fr\/index.php\/wp-json\/wp\/v2\/tags?post=2262"}],"curies":[{"name":"wp","href":"https:\/\/api.w.org\/{rel}","templated":true}]}}