{"id":2699,"date":"2025-05-30T15:19:49","date_gmt":"2025-05-30T13:19:49","guid":{"rendered":"https:\/\/www.revelateur-de-talents.fr\/?p=2699"},"modified":"2025-05-30T15:20:16","modified_gmt":"2025-05-30T13:20:16","slug":"2699","status":"publish","type":"post","link":"https:\/\/www.revelateur-de-talents.fr\/index.php\/2025\/05\/30\/2699\/","title":{"rendered":"S\u00e9bastien &#8211; mars 2025"},"content":{"rendered":"<p>[et_pb_section fb_built=\u00a0\u00bb1&Prime; _builder_version=\u00a0\u00bb4.16&Prime; _module_preset=\u00a0\u00bbdefault\u00a0\u00bb custom_padding=\u00a0\u00bb0px|||||\u00a0\u00bb da_disable_devices=\u00a0\u00bboff|off|off\u00a0\u00bb global_colors_info=\u00a0\u00bb{}\u00a0\u00bb theme_builder_area=\u00a0\u00bbpost_content\u00a0\u00bb da_is_popup=\u00a0\u00bboff\u00a0\u00bb da_exit_intent=\u00a0\u00bboff\u00a0\u00bb da_has_close=\u00a0\u00bbon\u00a0\u00bb da_alt_close=\u00a0\u00bboff\u00a0\u00bb da_dark_close=\u00a0\u00bboff\u00a0\u00bb da_not_modal=\u00a0\u00bbon\u00a0\u00bb da_is_singular=\u00a0\u00bboff\u00a0\u00bb da_with_loader=\u00a0\u00bboff\u00a0\u00bb da_has_shadow=\u00a0\u00bbon\u00a0\u00bb][et_pb_row _builder_version=\u00a0\u00bb4.16&Prime; _module_preset=\u00a0\u00bbdefault\u00a0\u00bb custom_margin=\u00a0\u00bb-20px||||false|false\u00a0\u00bb custom_padding=\u00a0\u00bb||||false|false\u00a0\u00bb global_colors_info=\u00a0\u00bb{}\u00a0\u00bb theme_builder_area=\u00a0\u00bbpost_content\u00a0\u00bb][et_pb_column type=\u00a0\u00bb4_4&Prime; _builder_version=\u00a0\u00bb4.16&Prime; _module_preset=\u00a0\u00bbdefault\u00a0\u00bb global_colors_info=\u00a0\u00bb{}\u00a0\u00bb theme_builder_area=\u00a0\u00bbpost_content\u00a0\u00bb][et_pb_image src=\u00a0\u00bbhttp:\/\/www.revelateur-de-talents.fr\/wp-content\/uploads\/2020\/08\/skype-rond.png\u00a0\u00bb title_text=\u00a0\u00bbskype-rond\u00a0\u00bb align=\u00a0\u00bbcenter\u00a0\u00bb _builder_version=\u00a0\u00bb4.16&Prime; _module_preset=\u00a0\u00bbdefault\u00a0\u00bb height=\u00a0\u00bb100px\u00a0\u00bb height_tablet=\u00a0\u00bb70px\u00a0\u00bb height_phone=\u00a0\u00bb70px\u00a0\u00bb height_last_edited=\u00a0\u00bbon|phone\u00a0\u00bb global_colors_info=\u00a0\u00bb{}\u00a0\u00bb theme_builder_area=\u00a0\u00bbpost_content\u00a0\u00bb][\/et_pb_image][et_pb_text _builder_version=\u00a0\u00bb4.22.2&Prime; _module_preset=\u00a0\u00bbdefault\u00a0\u00bb text_font=\u00a0\u00bbLato||||||||\u00a0\u00bb text_orientation=\u00a0\u00bbjustified\u00a0\u00bb custom_padding=\u00a0\u00bb||0px|||\u00a0\u00bb hover_enabled=\u00a0\u00bb0&Prime; global_colors_info=\u00a0\u00bb{}\u00a0\u00bb theme_builder_area=\u00a0\u00bbpost_content\u00a0\u00bb sticky_enabled=\u00a0\u00bb0&Prime;]<\/p>\n<p>\u00ab\u00a0Un accueil rassurant. Une approche personnalis\u00e9e. L&rsquo;\u00e9coute, la bienveillance, l&rsquo;accompagnement pour avancer en toute s\u00e9r\u00e9nit\u00e9. In fine, la pleine et enti\u00e8re satisfaction du r\u00e9sultat ! Bref, si comme moi vous h\u00e9sitiez \u00e0 passer le cap du bilan de comp\u00e9tences, par souci de trouver la bonne personne, alors sans h\u00e9sitation, Delphine Giffard, est la meilleure option possible ! Merci Delphine, pour ta chaleur humaine, ton aide et ton expertise\u00a0\u00bb<\/p>\n<p>[\/et_pb_text][et_pb_text _builder_version=\u00a0\u00bb4.22.2&Prime; _module_preset=\u00a0\u00bbdefault\u00a0\u00bb text_font=\u00a0\u00bbLato|600|||||||\u00a0\u00bb text_orientation=\u00a0\u00bbright\u00a0\u00bb custom_padding=\u00a0\u00bb9px|||||\u00a0\u00bb hover_enabled=\u00a0\u00bb0&Prime; global_colors_info=\u00a0\u00bb{}\u00a0\u00bb theme_builder_area=\u00a0\u00bbpost_content\u00a0\u00bb sticky_enabled=\u00a0\u00bb0&Prime;]<\/p>\n<p><span>S\u00e9ba<\/span><span>stien \u2013 mars 2025 <\/span><\/p>\n<p><span>(bilan de comp\u00e9tences r\u00e9alis\u00e9 avec Delphine, formatrice sous-traitante du Cabinet R\u00e9v\u00e9lateur de Talents)<\/span><\/p>\n<p>[\/et_pb_text][\/et_pb_column][\/et_pb_row][\/et_pb_section]<\/p>\n<span class=\"et_bloom_bottom_trigger\"><\/span>","protected":false},"excerpt":{"rendered":"<p>\u00ab\u00a0Un accueil rassurant. Une approche personnalis\u00e9e. L&rsquo;\u00e9coute, la bienveillance, l&rsquo;accompagnement pour avancer en toute s\u00e9r\u00e9nit\u00e9. In fine, la pleine et enti\u00e8re satisfaction du r\u00e9sultat ! Bref, si comme moi vous h\u00e9sitiez \u00e0 passer le cap du bilan de comp\u00e9tences, par souci de trouver la bonne personne, alors sans h\u00e9sitation, Delphine Giffard, est la meilleure option [&hellip;]<\/p>\n","protected":false},"author":1,"featured_media":0,"comment_status":"closed","ping_status":"closed","sticky":false,"template":"","format":"standard","meta":{"_et_pb_use_builder":"on","_et_pb_old_content":"","_et_gb_content_width":"","footnotes":""},"categories":[13],"tags":[],"class_list":["post-2699","post","type-post","status-publish","format-standard","hentry","category-temoignages"],"_links":{"self":[{"href":"https:\/\/www.revelateur-de-talents.fr\/index.php\/wp-json\/wp\/v2\/posts\/2699","targetHints":{"allow":["GET"]}}],"collection":[{"href":"https:\/\/www.revelateur-de-talents.fr\/index.php\/wp-json\/wp\/v2\/posts"}],"about":[{"href":"https:\/\/www.revelateur-de-talents.fr\/index.php\/wp-json\/wp\/v2\/types\/post"}],"author":[{"embeddable":true,"href":"https:\/\/www.revelateur-de-talents.fr\/index.php\/wp-json\/wp\/v2\/users\/1"}],"replies":[{"embeddable":true,"href":"https:\/\/www.revelateur-de-talents.fr\/index.php\/wp-json\/wp\/v2\/comments?post=2699"}],"version-history":[{"count":3,"href":"https:\/\/www.revelateur-de-talents.fr\/index.php\/wp-json\/wp\/v2\/posts\/2699\/revisions"}],"predecessor-version":[{"id":2703,"href":"https:\/\/www.revelateur-de-talents.fr\/index.php\/wp-json\/wp\/v2\/posts\/2699\/revisions\/2703"}],"wp:attachment":[{"href":"https:\/\/www.revelateur-de-talents.fr\/index.php\/wp-json\/wp\/v2\/media?parent=2699"}],"wp:term":[{"taxonomy":"category","embeddable":true,"href":"https:\/\/www.revelateur-de-talents.fr\/index.php\/wp-json\/wp\/v2\/categories?post=2699"},{"taxonomy":"post_tag","embeddable":true,"href":"https:\/\/www.revelateur-de-talents.fr\/index.php\/wp-json\/wp\/v2\/tags?post=2699"}],"curies":[{"name":"wp","href":"https:\/\/api.w.org\/{rel}","templated":true}]}}