{"id":2706,"date":"2025-05-30T15:22:02","date_gmt":"2025-05-30T13:22:02","guid":{"rendered":"https:\/\/www.revelateur-de-talents.fr\/?p=2706"},"modified":"2025-05-30T15:22:27","modified_gmt":"2025-05-30T13:22:27","slug":"2706","status":"publish","type":"post","link":"https:\/\/www.revelateur-de-talents.fr\/index.php\/2025\/05\/30\/2706\/","title":{"rendered":"Aur\u00e9lie &#8211; mai 2025"},"content":{"rendered":"<p>[et_pb_section fb_built=\u00a0\u00bb1&Prime; _builder_version=\u00a0\u00bb4.16&Prime; _module_preset=\u00a0\u00bbdefault\u00a0\u00bb custom_padding=\u00a0\u00bb0px|||||\u00a0\u00bb da_disable_devices=\u00a0\u00bboff|off|off\u00a0\u00bb global_colors_info=\u00a0\u00bb{}\u00a0\u00bb theme_builder_area=\u00a0\u00bbet_body_layout\u00a0\u00bb da_is_popup=\u00a0\u00bboff\u00a0\u00bb da_exit_intent=\u00a0\u00bboff\u00a0\u00bb da_has_close=\u00a0\u00bbon\u00a0\u00bb da_alt_close=\u00a0\u00bboff\u00a0\u00bb da_dark_close=\u00a0\u00bboff\u00a0\u00bb da_not_modal=\u00a0\u00bbon\u00a0\u00bb da_is_singular=\u00a0\u00bboff\u00a0\u00bb da_with_loader=\u00a0\u00bboff\u00a0\u00bb da_has_shadow=\u00a0\u00bbon\u00a0\u00bb][et_pb_row _builder_version=\u00a0\u00bb4.16&Prime; _module_preset=\u00a0\u00bbdefault\u00a0\u00bb custom_margin=\u00a0\u00bb-20px||||false|false\u00a0\u00bb custom_padding=\u00a0\u00bb||||false|false\u00a0\u00bb global_colors_info=\u00a0\u00bb{}\u00a0\u00bb theme_builder_area=\u00a0\u00bbet_body_layout\u00a0\u00bb][et_pb_column type=\u00a0\u00bb4_4&Prime; _builder_version=\u00a0\u00bb4.16&Prime; _module_preset=\u00a0\u00bbdefault\u00a0\u00bb global_colors_info=\u00a0\u00bb{}\u00a0\u00bb theme_builder_area=\u00a0\u00bbet_body_layout\u00a0\u00bb][et_pb_image src=\u00a0\u00bbhttp:\/\/www.revelateur-de-talents.fr\/wp-content\/uploads\/2020\/08\/skype-rond.png\u00a0\u00bb title_text=\u00a0\u00bbskype-rond\u00a0\u00bb align=\u00a0\u00bbcenter\u00a0\u00bb _builder_version=\u00a0\u00bb4.16&Prime; _module_preset=\u00a0\u00bbdefault\u00a0\u00bb height=\u00a0\u00bb100px\u00a0\u00bb height_tablet=\u00a0\u00bb70px\u00a0\u00bb height_phone=\u00a0\u00bb70px\u00a0\u00bb height_last_edited=\u00a0\u00bbon|phone\u00a0\u00bb global_colors_info=\u00a0\u00bb{}\u00a0\u00bb theme_builder_area=\u00a0\u00bbet_body_layout\u00a0\u00bb][\/et_pb_image][et_pb_text _builder_version=\u00a0\u00bb4.22.2&Prime; _module_preset=\u00a0\u00bbdefault\u00a0\u00bb text_font=\u00a0\u00bbLato||||||||\u00a0\u00bb text_orientation=\u00a0\u00bbjustified\u00a0\u00bb custom_padding=\u00a0\u00bb||6px|||\u00a0\u00bb hover_enabled=\u00a0\u00bb0&Prime; global_colors_info=\u00a0\u00bb{}\u00a0\u00bb theme_builder_area=\u00a0\u00bbet_body_layout\u00a0\u00bb sticky_enabled=\u00a0\u00bb0&Prime;]<\/p>\n<p>\u00ab\u00a0Je tenais \u00e0 vous remercier sinc\u00e8rement pour votre \u00e9coute, votre bienveillance et votre expertise tout au long de ce bilan de comp\u00e9tences.\u00a0Chaque rendez-vous avec vous a \u00e9t\u00e9 un vrai plaisir, et j\u2019y allais toujours avec enthousiasme, sachant que j\u2019allais en ressortir avec des cl\u00e9s pr\u00e9cieuses pour avancer professionnellement et aussi personnellement. Encore un grand merci pour votre accompagnement, votre \u00e9nergie positive et votre aide si pr\u00e9cieuse\u00a0\u00bb<\/p>\n<p>[\/et_pb_text][et_pb_text _builder_version=\u00a0\u00bb4.22.2&Prime; _module_preset=\u00a0\u00bbdefault\u00a0\u00bb text_font=\u00a0\u00bbLato|600|||||||\u00a0\u00bb text_orientation=\u00a0\u00bbright\u00a0\u00bb custom_padding=\u00a0\u00bb9px|||||\u00a0\u00bb hover_enabled=\u00a0\u00bb0&Prime; global_colors_info=\u00a0\u00bb{}\u00a0\u00bb theme_builder_area=\u00a0\u00bbet_body_layout\u00a0\u00bb sticky_enabled=\u00a0\u00bb0&Prime;]<\/p>\n<p><span>Aur\u00e9lie \u2013 mai <\/span><span>2025<\/span><span><\/span><\/p>\n<p>[\/et_pb_text][\/et_pb_column][\/et_pb_row][\/et_pb_section]<\/p>\n<span class=\"et_bloom_bottom_trigger\"><\/span>","protected":false},"excerpt":{"rendered":"<p>\u00ab\u00a0Je tenais \u00e0 vous remercier sinc\u00e8rement pour votre \u00e9coute, votre bienveillance et votre expertise tout au long de ce bilan de comp\u00e9tences.\u00a0Chaque rendez-vous avec vous a \u00e9t\u00e9 un vrai plaisir, et j\u2019y allais toujours avec enthousiasme, sachant que j\u2019allais en ressortir avec des cl\u00e9s pr\u00e9cieuses pour avancer professionnellement et aussi personnellement. Encore un grand merci [&hellip;]<\/p>\n","protected":false},"author":1,"featured_media":0,"comment_status":"closed","ping_status":"closed","sticky":false,"template":"","format":"standard","meta":{"_et_pb_use_builder":"on","_et_pb_old_content":"","_et_gb_content_width":"","footnotes":""},"categories":[13],"tags":[],"class_list":["post-2706","post","type-post","status-publish","format-standard","hentry","category-temoignages"],"_links":{"self":[{"href":"https:\/\/www.revelateur-de-talents.fr\/index.php\/wp-json\/wp\/v2\/posts\/2706","targetHints":{"allow":["GET"]}}],"collection":[{"href":"https:\/\/www.revelateur-de-talents.fr\/index.php\/wp-json\/wp\/v2\/posts"}],"about":[{"href":"https:\/\/www.revelateur-de-talents.fr\/index.php\/wp-json\/wp\/v2\/types\/post"}],"author":[{"embeddable":true,"href":"https:\/\/www.revelateur-de-talents.fr\/index.php\/wp-json\/wp\/v2\/users\/1"}],"replies":[{"embeddable":true,"href":"https:\/\/www.revelateur-de-talents.fr\/index.php\/wp-json\/wp\/v2\/comments?post=2706"}],"version-history":[{"count":3,"href":"https:\/\/www.revelateur-de-talents.fr\/index.php\/wp-json\/wp\/v2\/posts\/2706\/revisions"}],"predecessor-version":[{"id":2710,"href":"https:\/\/www.revelateur-de-talents.fr\/index.php\/wp-json\/wp\/v2\/posts\/2706\/revisions\/2710"}],"wp:attachment":[{"href":"https:\/\/www.revelateur-de-talents.fr\/index.php\/wp-json\/wp\/v2\/media?parent=2706"}],"wp:term":[{"taxonomy":"category","embeddable":true,"href":"https:\/\/www.revelateur-de-talents.fr\/index.php\/wp-json\/wp\/v2\/categories?post=2706"},{"taxonomy":"post_tag","embeddable":true,"href":"https:\/\/www.revelateur-de-talents.fr\/index.php\/wp-json\/wp\/v2\/tags?post=2706"}],"curies":[{"name":"wp","href":"https:\/\/api.w.org\/{rel}","templated":true}]}}